{"id":894,"date":"2026-03-13T03:23:00","date_gmt":"2026-03-13T02:23:00","guid":{"rendered":"https:\/\/campermax.websmwinner.com\/?p=894"},"modified":"2026-08-31T03:24:32","modified_gmt":"2026-08-31T01:24:32","slug":"turismo-slow-en-camper-por-canarias-viaja-sin-prisa-y-con-libertad","status":"publish","type":"post","link":"https:\/\/campermax.websmwinner.com\/en\/2026\/03\/13\/turismo-slow-en-camper-por-canarias-viaja-sin-prisa-y-con-libertad\/","title":{"rendered":"Turismo slow en camper por Canarias: viaja sin prisa y con libertad"},"content":{"rendered":"<p class=\"wp-block-paragraph\">Hay una forma distinta de recorrer Canarias. No es la de enlazar miradores en modo marat\u00f3n ni la de tachar playas como si fueran una lista pendiente. Es otra cosa. M\u00e1s tranquila, m\u00e1s consciente, m\u00e1s real.<\/p>\n\n\n\n<p class=\"wp-block-paragraph\">El&nbsp;<strong>Turismo slow camper<\/strong>&nbsp;nace precisamente ah\u00ed: en la decisi\u00f3n de bajar el ritmo. De entender que viajar no es acumular kil\u00f3metros, sino saborear cada tramo de carretera, cada conversaci\u00f3n improvisada y cada amanecer sin despertador.<\/p>\n\n\n\n<p class=\"wp-block-paragraph\">Despu\u00e9s de m\u00e1s de 20 a\u00f1os dedicados al sector de la automoci\u00f3n y siendo uno de los compraventas de autocaravanas seminuevas de referencia en Las Palmas de Gran Canaria, hemos visto c\u00f3mo el perfil del viajero ha evolucionado. Antes se buscaba \u201cir lejos\u201d. Hoy se busca&nbsp;<strong>ir mejor<\/strong>.<\/p>\n\n\n\n<p class=\"wp-block-paragraph\">Canarias es el escenario perfecto para ello. Siete islas, siete ritmos. Carreteras que serpentean entre volcanes. Pueblos que invitan a parar. Microclimas que cambian en cuesti\u00f3n de kil\u00f3metros. Y una red de viajeros que entiende que la libertad no est\u00e1 en la velocidad, sino en la elecci\u00f3n.<\/p>\n\n\n\n<h2 class=\"wp-block-heading\"><strong>Cuando el destino deja de importar m\u00e1s que el camino<\/strong><\/h2>\n\n\n\n<p class=\"wp-block-paragraph\">En esta gu\u00eda vamos a profundizar en lo que implica practicar&nbsp;<strong>slow travel en autocaravana<\/strong>&nbsp;en el archipi\u00e9lago, c\u00f3mo elegir el veh\u00edculo adecuado seg\u00fan tu estilo de viaje y qu\u00e9 aspectos t\u00e9cnicos marcan la diferencia cuando decides viajar sin prisa Canarias camper.<\/p>\n\n\n\n<p class=\"wp-block-paragraph\">No es solo inspiraci\u00f3n. Es informaci\u00f3n pr\u00e1ctica, experiencia real y criterio profesional. Porque el viaje empieza mucho antes de arrancar el motor.<\/p>\n\n\n\n<h2 class=\"wp-block-heading\"><strong>Turismo slow camper en Canarias: entender el territorio para viajar mejor<\/strong><\/h2>\n\n\n\n<h3 class=\"wp-block-heading\"><strong>Canarias no se recorre, se interpreta<\/strong><\/h3>\n\n\n\n<h4 class=\"wp-block-heading\"><strong>Distancias cortas, experiencias largas<\/strong><\/h4>\n\n\n\n<p class=\"wp-block-paragraph\">Una de las grandes ventajas de Canarias es que las distancias no son excesivas. En una misma isla puedes pasar del mar a la monta\u00f1a en menos de una hora. Eso cambia por completo la forma de viajar.<\/p>\n\n\n\n<p class=\"wp-block-paragraph\">El&nbsp;<strong>Turismo slow camper<\/strong>&nbsp;aqu\u00ed no consiste en hacer rutas eternas, sino en detenerse donde realmente merece la pena. Dormir frente al oc\u00e9ano en la costa oeste de Gran Canaria. Subir sin prisas hacia Tejeda y ver c\u00f3mo cambia la luz al atardecer. Cruzar el Parque Nacional del Teide sin sentir que \u201cvas tarde\u201d.<\/p>\n\n\n\n<p class=\"wp-block-paragraph\">El territorio invita a eso. A frenar. A mirar.<\/p>\n\n\n\n<h4 class=\"wp-block-heading\"><strong>Viajar no es trasladarse<\/strong><\/h4>\n\n\n\n<p class=\"wp-block-paragraph\">Hay algo que repetimos mucho a quienes visitan nuestras instalaciones: la autocaravana no es un medio para ir r\u00e1pido, es una herramienta para ir libres.<\/p>\n\n\n\n<p class=\"wp-block-paragraph\">Una integral aporta amplitud y confort para estancias prolongadas. Una perfilada equilibra espacio y maniobrabilidad. Una capuchina es perfecta para familias que necesitan plazas amplias y distribuci\u00f3n funcional. Las campervans y californias\/marco polos permiten moverse con agilidad por zonas costeras o cascos urbanos sin renunciar a autonom\u00eda.<\/p>\n\n\n\n<p class=\"wp-block-paragraph\">Cada formato tiene sentido. Lo importante es que encaje con tu manera de viajar.<\/p>\n\n\n\n<h2 class=\"wp-block-heading\"><strong>C\u00f3mo aplicar el viajar sin prisa Canarias camper en la pr\u00e1ctica<\/strong><\/h2>\n\n\n\n<h3 class=\"wp-block-heading\"><strong>Elegir el veh\u00edculo seg\u00fan tu estilo de vida<\/strong><\/h3>\n\n\n\n<p class=\"wp-block-paragraph\">No todos los viajeros slow son iguales.<\/p>\n\n\n\n<p class=\"wp-block-paragraph\">Hay quien busca desconexi\u00f3n total en entornos naturales. Suelen optar por campervans o furgonetas camperizadas, m\u00e1s compactas y vers\u00e1tiles.<\/p>\n\n\n\n<p class=\"wp-block-paragraph\">Otros combinan escapadas frecuentes con comodidad superior. Aqu\u00ed encajan muy bien las perfiladas, con ba\u00f1o independiente, buena capacidad de almacenamiento y autonom\u00eda energ\u00e9tica suficiente para varios d\u00edas sin conexi\u00f3n.<\/p>\n\n\n\n<p class=\"wp-block-paragraph\">Tambi\u00e9n est\u00e1n las familias que convierten cada salida en una convivencia intensa y enriquecedora. Para ellas, las capuchinas o integrales ofrecen distribuciones amplias y funcionales.<\/p>\n\n\n\n<p class=\"wp-block-paragraph\">En nuestra selecci\u00f3n de&nbsp;<a href=\"https:\/\/campermax.es\/listing-category\/en-venta\/\">autocaravanas seminuevas disponibles<\/a>&nbsp;priorizamos configuraciones pensadas para el clima canario: ventilaci\u00f3n eficiente, sistemas el\u00e9ctricos actualizados y revisiones t\u00e9cnicas exhaustivas. Porque viajar sin prisa exige confianza mec\u00e1nica.<\/p>\n\n\n\n<h3 class=\"wp-block-heading\"><strong>Dise\u00f1ar rutas abiertas, no agendas cerradas<\/strong><\/h3>\n\n\n\n<p class=\"wp-block-paragraph\">El error m\u00e1s habitual cuando alguien empieza en el mundo camper es planificar como si estuviera en un hotel.<\/p>\n\n\n\n<p class=\"wp-block-paragraph\">El&nbsp;<strong>slow travel en autocaravana<\/strong>&nbsp;propone lo contrario: establecer zonas base y dejar margen a la improvisaci\u00f3n.<\/p>\n\n\n\n<p class=\"wp-block-paragraph\">Un ejemplo real en Gran Canaria podr\u00eda ser:<\/p>\n\n\n\n<p class=\"wp-block-paragraph\">Primer d\u00eda en Agaete, disfrutando del puerto y sus piscinas naturales.<br>Segundo d\u00eda subiendo hacia el interior para caminar por senderos de monta\u00f1a.<br>Tercer d\u00eda en el sur, aprovechando el clima m\u00e1s c\u00e1lido y las dunas.<\/p>\n\n\n\n<p class=\"wp-block-paragraph\">Sin horarios r\u00edgidos. Sin presi\u00f3n. Con la libertad de quedarte un d\u00eda m\u00e1s si el entorno lo merece.<\/p>\n\n\n\n<h3 class=\"wp-block-heading\"><strong>Autonom\u00eda t\u00e9cnica: la base invisible del viaje slow<\/strong><\/h3>\n\n\n\n<p class=\"wp-block-paragraph\">Viajar sin prisa no significa improvisar sin preparaci\u00f3n. De hecho, es todo lo contrario.<\/p>\n\n\n\n<p class=\"wp-block-paragraph\">Las autocaravanas modernas incorporan sistemas que marcan la diferencia:<\/p>\n\n\n\n<p class=\"wp-block-paragraph\">Bater\u00edas de alta capacidad (AGM o litio).<br>Placas solares integradas.<br>Calefacci\u00f3n estacionaria eficiente para zonas de mayor altitud.<br>Sistemas de agua optimizados para varios d\u00edas de autonom\u00eda.<\/p>\n\n\n\n<p class=\"wp-block-paragraph\">Estos elementos permiten pernoctas prolongadas en espacios habilitados, sin depender de conexiones externas constantes.<\/p>\n\n\n\n<p class=\"wp-block-paragraph\">Nuestra experiencia revisando y seleccionando veh\u00edculos nos ha demostrado que el estado de sellados, aislamiento y sistema el\u00e9ctrico es clave en Canarias, donde la salinidad y la humedad pueden afectar si no se ha realizado un mantenimiento riguroso.<\/p>\n\n\n\n<h2 class=\"wp-block-heading\"><strong>Por qu\u00e9 Canarias es territorio natural para el Turismo slow camper<\/strong><\/h2>\n\n\n\n<h3 class=\"wp-block-heading\"><strong>Clima estable todo el a\u00f1o<\/strong><\/h3>\n\n\n\n<p class=\"wp-block-paragraph\">Mientras en otras regiones el uso de la autocaravana se concentra en temporadas concretas, en Canarias se puede viajar pr\u00e1cticamente los doce meses.<\/p>\n\n\n\n<p class=\"wp-block-paragraph\">Eso convierte la adquisici\u00f3n de una autocaravana en una decisi\u00f3n de uso continuo, no puntual. Muchos de nuestros clientes realizan escapadas mensuales, fines de semana largos o incluso combinan teletrabajo con rutas interinsulares.<\/p>\n\n\n\n<h3 class=\"wp-block-heading\"><strong>Comunidad consolidada y cultura viajera<\/strong><\/h3>\n\n\n\n<p class=\"wp-block-paragraph\">En los \u00faltimos a\u00f1os ha crecido la infraestructura adaptada al viajero itinerante. \u00c1reas habilitadas, servicios especializados y una comunidad respetuosa con el entorno.<\/p>\n\n\n\n<p class=\"wp-block-paragraph\">Uno de nuestros clientes, propietario de una perfilada adquirida en&nbsp;<a href=\"https:\/\/campermax.es\/\">CamperMax<\/a>, nos comentaba hace poco que su mayor cambio no fue log\u00edstico, sino mental: \u201cDejamos de correr. Ahora cada isla tiene su tiempo\u201d.<\/p>\n\n\n\n<p class=\"wp-block-paragraph\">Ese es el verdadero valor del Turismo slow camper.<\/p>\n\n\n\n<h3 class=\"wp-block-heading\"><strong>Selecci\u00f3n profesional y seguridad<\/strong><\/h3>\n\n\n\n<p class=\"wp-block-paragraph\">No todas las autocaravanas seminuevas ofrecen las mismas garant\u00edas. Nuestro trabajo consiste en revisar historial, coherencia de kilometraje, estado estructural y funcionamiento de cada sistema antes de poner un veh\u00edculo a disposici\u00f3n de un nuevo propietario.<\/p>\n\n\n\n<p class=\"wp-block-paragraph\">Ese conocimiento acumulado durante m\u00e1s de dos d\u00e9cadas en el sector de la automoci\u00f3n es lo que aporta tranquilidad. Y cuando se trata de viajar, la tranquilidad es esencial.<\/p>\n\n\n\n<h2 class=\"wp-block-heading\"><strong>Elegir ir m\u00e1s despacio es elegir viajar mejor<\/strong><\/h2>\n\n\n\n<p class=\"wp-block-paragraph\">El&nbsp;<strong>Turismo slow camper<\/strong>&nbsp;en Canarias no es una moda. Es una manera de entender el tiempo. De convertir cada trayecto en parte de la experiencia. De cambiar la prisa por presencia.<\/p>\n\n\n\n<p class=\"wp-block-paragraph\">Despu\u00e9s de m\u00e1s de 20 a\u00f1os en el sector, sabemos que quienes apuestan por esta forma de viajar no buscan simplemente movilidad. Buscan libertad real, autonom\u00eda y una conexi\u00f3n m\u00e1s profunda con el entorno.<\/p>\n\n\n\n<p class=\"wp-block-paragraph\">Canarias ofrece el escenario ideal. La autocaravana adecuada convierte cada isla en un hogar temporal.<\/p>\n\n\n\n<p class=\"wp-block-paragraph\">Si est\u00e1s valorando dar el paso, explorar nuestra selecci\u00f3n actual en&nbsp;<a href=\"https:\/\/campermax.es\/\">CamperMax<\/a>&nbsp;puede ser el inicio de un cambio de ritmo que, m\u00e1s que transformar tus viajes, transformar\u00e1 tu forma de vivirlos.<\/p>\n\n\n\n<p class=\"wp-block-paragraph\">Porque a veces no se trata de llegar antes. Se trata de llegar mejor.<\/p>\n\n\n\n<p class=\"wp-block-paragraph\"><\/p>","protected":false},"excerpt":{"rendered":"<p>Hay una forma distinta de recorrer Canarias. No es la de enlazar miradores en modo marat\u00f3n ni la de tachar playas como si fueran una lista pendiente. Es otra cosa. M\u00e1s tranquila, m\u00e1s consciente, m\u00e1s real. El&nbsp;Turismo slow camper&nbsp;nace precisamente ah\u00ed: en la decisi\u00f3n de bajar el ritmo. De entender que viajar no es acumular [&hellip;]<\/p>\n","protected":false},"author":1,"featured_media":895,"comment_status":"open","ping_status":"open","sticky":false,"template":"","format":"standard","meta":{"_acf_changed":false,"_joinchat":[],"footnotes":""},"categories":[6],"tags":[],"class_list":["post-894","post","type-post","status-publish","format-standard","has-post-thumbnail","hentry","category-autos"],"acf":[],"_links":{"self":[{"href":"https:\/\/campermax.websmwinner.com\/en\/wp-json\/wp\/v2\/posts\/894","targetHints":{"allow":["GET"]}}],"collection":[{"href":"https:\/\/campermax.websmwinner.com\/en\/wp-json\/wp\/v2\/posts"}],"about":[{"href":"https:\/\/campermax.websmwinner.com\/en\/wp-json\/wp\/v2\/types\/post"}],"author":[{"embeddable":true,"href":"https:\/\/campermax.websmwinner.com\/en\/wp-json\/wp\/v2\/users\/1"}],"replies":[{"embeddable":true,"href":"https:\/\/campermax.websmwinner.com\/en\/wp-json\/wp\/v2\/comments?post=894"}],"version-history":[{"count":1,"href":"https:\/\/campermax.websmwinner.com\/en\/wp-json\/wp\/v2\/posts\/894\/revisions"}],"predecessor-version":[{"id":896,"href":"https:\/\/campermax.websmwinner.com\/en\/wp-json\/wp\/v2\/posts\/894\/revisions\/896"}],"wp:featuredmedia":[{"embeddable":true,"href":"https:\/\/campermax.websmwinner.com\/en\/wp-json\/wp\/v2\/media\/895"}],"wp:attachment":[{"href":"https:\/\/campermax.websmwinner.com\/en\/wp-json\/wp\/v2\/media?parent=894"}],"wp:term":[{"taxonomy":"category","embeddable":true,"href":"https:\/\/campermax.websmwinner.com\/en\/wp-json\/wp\/v2\/categories?post=894"},{"taxonomy":"post_tag","embeddable":true,"href":"https:\/\/campermax.websmwinner.com\/en\/wp-json\/wp\/v2\/tags?post=894"}],"curies":[{"name":"wp","href":"https:\/\/api.w.org\/{rel}","templated":true}]}}